{"id":2387,"date":"2025-04-22T12:56:55","date_gmt":"2025-04-22T16:56:55","guid":{"rendered":"https:\/\/www.allpointsrelocation.com\/pourquoi-2025-pourrait-nous-surprendre-tous-une-annee-record-pour-la-relocalisation-au-canada\/"},"modified":"2025-04-22T13:04:46","modified_gmt":"2025-04-22T17:04:46","slug":"pourquoi-2025-pourrait-nous-surprendre-tous-une-annee-record-pour-la-relocalisation-au-canada","status":"publish","type":"post","link":"https:\/\/www.allpointsrelocation.com\/fr\/pourquoi-2025-pourrait-nous-surprendre-tous-une-annee-record-pour-la-relocalisation-au-canada\/","title":{"rendered":"Pourquoi 2025 pourrait nous surprendre tous : Une ann\u00e9e record pour la relocalisation au Canada"},"content":{"rendered":"\n<p>On ne le dirait pas en lisant les gros titres &#8211; les taux d&rsquo;int\u00e9r\u00eat font des montagnes russes, les \u00c9tats-Unis semblent politiquement&#8230; disons \u00ab dynamiques \u00bb, et les PDG lancent des expressions comme \u00ab pause strat\u00e9gique \u00bb comme s&rsquo;ils tenaient une pose de yoga &#8211; mais la relocalisation au Canada pourrait se pr\u00e9parer tranquillement \u00e0 une ann\u00e9e solide.<\/p>\n\n<p>Nous le savons : en p\u00e9riode d&rsquo;incertitude, les entreprises n&rsquo;ont pas l&rsquo;habitude de d\u00e9placer leur personnel. Mais voici le revers de la m\u00e9daille : l&rsquo;incertitude peut aussi cr\u00e9er des occasions, si vous savez o\u00f9 chercher. Et cette ann\u00e9e, il y a trois bonnes raisons de croire que nous sommes sur le point d&rsquo;assister \u00e0 une hausse de la relocalisation au Canada.  <\/p>\n\n<div style=\"height:35px\" aria-hidden=\"true\" class=\"wp-block-spacer\"><\/div>\n\n<hr class=\"wp-block-separator has-alpha-channel-opacity\"\/>\n\n<h2 class=\"wp-block-heading\">1. Faire venir des talents d&rsquo;Asie ? Laissez tomber Seattle. Essayez Vancouver.  <\/h2>\n\n<p>Supposons que vous soyez une entreprise internationale disposant des meilleurs talents en Asie &#8211; Singapour, S\u00e9oul, Mumbai &#8211; et que vous cherchiez \u00e0 placer ces talents en Am\u00e9rique du Nord. Seattle aurait pu \u00eatre la solution par d\u00e9faut les ann\u00e9es pr\u00e9c\u00e9dentes. Mais aujourd&rsquo;hui ?  <\/p>\n\n<p>Entre la tension croissante de la politique d&rsquo;immigration am\u00e9ricaine, l&rsquo;impr\u00e9visibilit\u00e9 de son environnement r\u00e9glementaire et une humeur g\u00e9n\u00e9ralement plus restrictive, de nombreuses entreprises commencent \u00e0 se demander : pourquoi pas Vancouver ? Mon collaborateur vient de refuser un poste aux \u00c9tats-Unis, par crainte de l&rsquo;environnement r\u00e9glementaire et de l&rsquo;ambiance g\u00e9n\u00e9rale. <\/p>\n\n<p>En revanche, Vancouver constitue une porte d&rsquo;entr\u00e9e vers l&rsquo;Ouest, tant sur le plan g\u00e9ographique que culturel. Elle dispose d&rsquo;un vaste vivier de talents, d&rsquo;un \u00e9cosyst\u00e8me ouvert sur le monde et \u00e9vite le casse-t\u00eate du \u00ab esp\u00e9rons que ce visa sera d\u00e9livr\u00e9 \u00e0 temps \u00bb. Il s&rsquo;agit d&rsquo;un choix strat\u00e9gique concernant l&rsquo;endroit o\u00f9 vous souhaitez d\u00e9velopper votre empreinte &#8211; et o\u00f9 vos talents peuvent atterrir en toute s\u00e9curit\u00e9 et se rendre au travail.  <\/p>\n\n<p><\/p>\n\n<div style=\"height:35px\" aria-hidden=\"true\" class=\"wp-block-spacer\"><\/div>\n\n<hr class=\"wp-block-separator has-alpha-channel-opacity\"\/>\n\n<h2 class=\"wp-block-heading\">2. Les barri\u00e8res commerciales interprovinciales tombent (pour de vrai cette fois-ci ?)<\/h2>\n\n<p>Voici quelque chose de discr\u00e8tement r\u00e9volutionnaire : le gouvernement canadien fait grand bruit pour faire tomber les barri\u00e8res entre les provinces en mati\u00e8re d&rsquo;autorisation et d&rsquo;accr\u00e9ditation, et ce d\u00e8s l&rsquo;\u00e9t\u00e9.<\/p>\n\n<p>Historiquement, nous avons connu un paradoxe : un pays, de nombreuses petites juridictions, o\u00f9 une infirmi\u00e8re ou un ing\u00e9nieur ne pouvait pas facilement d\u00e9m\u00e9nager de Halifax \u00e0 Calgary sans avoir \u00e0 remplir des formalit\u00e9s administratives. Mais que se passerait-il si cela changeait r\u00e9ellement ? <\/p>\n\n<p>Soudain, les transferts intraprovinciaux deviennent une v\u00e9ritable option pour les entreprises, non seulement pour les cadres, mais aussi pour tous les professionnels qualifi\u00e9s. C&rsquo;est une porte de la mobilit\u00e9 des talents que le Canada a gard\u00e9e \u00e0 moiti\u00e9 ferm\u00e9e pendant des d\u00e9cennies. Nous pourrions enfin la voir s&rsquo;ouvrir.  <\/p>\n\n<p>Alors que l&rsquo;\u00e9conomie dans son ensemble est soumise \u00e0 des vents contraires, les entreprises canadiennes savent au moins \u00e0 quoi s&rsquo;en tenir. Les \u00c9tats-Unis n&rsquo;ont pas encore d\u00e9fini leur orientation. Au Canada, le contexte \u00e9conomique n&rsquo;est peut-\u00eatre pas rose, mais il est connu. Pour les entreprises, le \u00ab connu \u00bb l&#8217;emporte sur l&rsquo;\u00ab inconnaissable \u00bb. Alors, ne d\u00e9rivez pas, pointez votre navire et partez.    <\/p>\n\n<p><\/p>\n\n<div style=\"height:35px\" aria-hidden=\"true\" class=\"wp-block-spacer\"><\/div>\n\n<hr class=\"wp-block-separator has-alpha-channel-opacity\"\/>\n\n<h2 class=\"wp-block-heading\">3. Il est temps de se d\u00e9velopper ailleurs<\/h2>\n\n<p>Alors que le march\u00e9 de la consommation am\u00e9ricain vacille et que les cha\u00eenes d&rsquo;approvisionnement internationales continuent de faire leur danse de recalibrage en fin de pand\u00e9mie, les entreprises canadiennes regardent autour d&rsquo;elles et voient de nouvelles opportunit\u00e9s. Il en va de m\u00eame pour Ottawa. La diversification des \u00e9changes est de nouveau au menu, et pas seulement en tant que slogan.  <\/p>\n\n<p>Nous assistons \u00e0 un changement discret mais persistant : les entreprises qui auraient autrefois \u00e9tabli un centre r\u00e9gional aux \u00c9tats-Unis recommencent \u00e0 penser \u00e0 l&rsquo;\u00e9chelle mondiale, en Asie, en Europe et en Am\u00e9rique latine. Les talents canadiens se d\u00e9placent et, cette fois, ils ne se dirigent pas uniquement vers Dallas ou Detroit. M\u00eame si l&rsquo;entreprise est pr\u00e9sente aux \u00c9tats-Unis, il n&rsquo;est peut-\u00eatre pas opportun d&rsquo;y investir ses talents pour le moment. Envoyez-les ailleurs pour qu&rsquo;ils atteignent un niveau sup\u00e9rieur dans une r\u00e9gion importante du monde.   <\/p>\n\n<h2 class=\"wp-block-heading\">Qu&rsquo;est-ce que cela signifie ?<\/h2>\n\n<p>Cela signifie que, m\u00eame si l&rsquo;\u00e9conomie globale est morose, la relocalisation au Canada pourrait conna\u00eetre une p\u00e9riode faste. Ou m\u00eame une ann\u00e9e. <\/p>\n\n<p>Lorsque le monde semble vaciller, le m\u00e9lange de stabilit\u00e9, de talent et (bient\u00f4t) de r\u00e9duction des barri\u00e8res internes du Canada commence \u00e0 ressembler \u00e0 un terrain solide. Pour les entreprises intelligentes, c&rsquo;est peut-\u00eatre le moment de faire des choix audacieux, surtout ceux qui s&rsquo;accompagnent d&rsquo;un billet aller simple et d&rsquo;un nouveau code postal. <\/p>\n\n<p>Ne parlons pas de boom. Pas encore. Mais ne nous endormons pas non plus sur ce qui pourrait \u00eatre en train de se construire tranquillement. <\/p>\n\n<p><\/p>\n","protected":false},"excerpt":{"rendered":"<p>On ne le dirait pas en lisant les gros titres &#8211; les taux d&rsquo;int\u00e9r\u00eat font des montagnes russes, les \u00c9tats-Unis semblent politiquement&#8230; disons \u00ab dynamiques \u00bb, et les PDG lancent des expressions comme \u00ab pause strat\u00e9gique \u00bb comme s&rsquo;ils tenaient une pose de yoga &#8211; mais la relocalisation au Canada pourrait se pr\u00e9parer tranquillement \u00e0 une ann\u00e9e solide.<\/p>\n","protected":false},"author":1,"featured_media":2384,"comment_status":"open","ping_status":"open","sticky":false,"template":"","format":"standard","meta":{"footnotes":""},"categories":[28],"tags":[89,39,51],"class_list":["post-2387","post","type-post","status-publish","format-standard","has-post-thumbnail","hentry","category-blog","tag-canada-fr","tag-demenagement","tag-gouvernement"],"_links":{"self":[{"href":"https:\/\/www.allpointsrelocation.com\/fr\/wp-json\/wp\/v2\/posts\/2387","targetHints":{"allow":["GET"]}}],"collection":[{"href":"https:\/\/www.allpointsrelocation.com\/fr\/wp-json\/wp\/v2\/posts"}],"about":[{"href":"https:\/\/www.allpointsrelocation.com\/fr\/wp-json\/wp\/v2\/types\/post"}],"author":[{"embeddable":true,"href":"https:\/\/www.allpointsrelocation.com\/fr\/wp-json\/wp\/v2\/users\/1"}],"replies":[{"embeddable":true,"href":"https:\/\/www.allpointsrelocation.com\/fr\/wp-json\/wp\/v2\/comments?post=2387"}],"version-history":[{"count":0,"href":"https:\/\/www.allpointsrelocation.com\/fr\/wp-json\/wp\/v2\/posts\/2387\/revisions"}],"wp:featuredmedia":[{"embeddable":true,"href":"https:\/\/www.allpointsrelocation.com\/fr\/wp-json\/wp\/v2\/media\/2384"}],"wp:attachment":[{"href":"https:\/\/www.allpointsrelocation.com\/fr\/wp-json\/wp\/v2\/media?parent=2387"}],"wp:term":[{"taxonomy":"category","embeddable":true,"href":"https:\/\/www.allpointsrelocation.com\/fr\/wp-json\/wp\/v2\/categories?post=2387"},{"taxonomy":"post_tag","embeddable":true,"href":"https:\/\/www.allpointsrelocation.com\/fr\/wp-json\/wp\/v2\/tags?post=2387"}],"curies":[{"name":"wp","href":"https:\/\/api.w.org\/{rel}","templated":true}]}}